{"id":702,"date":"2026-04-24T10:16:25","date_gmt":"2026-04-24T09:16:25","guid":{"rendered":"https:\/\/news.alpinetrek.ch\/?p=702"},"modified":"2026-04-24T10:28:40","modified_gmt":"2026-04-24T09:28:40","slug":"au-programme-cet-ete-dans-la-vallee","status":"publish","type":"post","link":"https:\/\/news.alpinetrek.ch\/?p=702","title":{"rendered":"Au programme cet \u00e9t\u00e9 dans la vall\u00e9e"},"content":{"rendered":"<p>C&rsquo;est avec plaisir qu&rsquo;avec mes coll\u00e8gues de la vall\u00e9e nous vous partageons nos dates de tours et randonn\u00e9es de l&rsquo;\u00e9t\u00e9 2026.<\/p>\n<p><img decoding=\"async\" loading=\"lazy\" class=\"alignnone size-large wp-image-699\" src=\"https:\/\/news.alpinetrek.ch\/wp-content\/uploads\/2026\/04\/IMG_9055-683x1024.jpg\" alt=\"Le team devant la tour Tavelli \u00e0 Vex\" width=\"525\" height=\"787\" srcset=\"https:\/\/news.alpinetrek.ch\/wp-content\/uploads\/2026\/04\/IMG_9055-683x1024.jpg 683w, https:\/\/news.alpinetrek.ch\/wp-content\/uploads\/2026\/04\/IMG_9055-200x300.jpg 200w, https:\/\/news.alpinetrek.ch\/wp-content\/uploads\/2026\/04\/IMG_9055-768x1152.jpg 768w, https:\/\/news.alpinetrek.ch\/wp-content\/uploads\/2026\/04\/IMG_9055-1024x1536.jpg 1024w, https:\/\/news.alpinetrek.ch\/wp-content\/uploads\/2026\/04\/IMG_9055-1365x2048.jpg 1365w, https:\/\/news.alpinetrek.ch\/wp-content\/uploads\/2026\/04\/IMG_9055-scaled.jpg 1707w\" sizes=\"(max-width: 525px) 100vw, 525px\"><\/p>\n<p>Nous proposons entre autre des tours du val d&rsquo;H\u00e9rens, des cueillettes de plantes sauvages et aussi quelques activit\u00e9s nocturnes cet \u00e9t\u00e9.<\/p>\n<p>En fin d&rsquo;\u00e9t\u00e9 je propose aussi une haute route depuis la Valpeline.<\/p>\n<p>Toutes les dates sont visible sur notre <a href=\"https:\/\/rando-herens.ch\/\">agenda commun<\/a>.<\/p>\n<p><img decoding=\"async\" loading=\"lazy\" class=\"alignnone size-large wp-image-700\" src=\"https:\/\/news.alpinetrek.ch\/wp-content\/uploads\/2026\/04\/IMG_9061-1024x683.jpg\" alt=\"Le team Rando-H\u00e9rens \u00e0 l'entr\u00e9e de la vall\u00e9e\" width=\"525\" height=\"350\" srcset=\"https:\/\/news.alpinetrek.ch\/wp-content\/uploads\/2026\/04\/IMG_9061-1024x683.jpg 1024w, https:\/\/news.alpinetrek.ch\/wp-content\/uploads\/2026\/04\/IMG_9061-300x200.jpg 300w, https:\/\/news.alpinetrek.ch\/wp-content\/uploads\/2026\/04\/IMG_9061-768x512.jpg 768w, https:\/\/news.alpinetrek.ch\/wp-content\/uploads\/2026\/04\/IMG_9061-1536x1024.jpg 1536w, https:\/\/news.alpinetrek.ch\/wp-content\/uploads\/2026\/04\/IMG_9061-2048x1365.jpg 2048w\" sizes=\"(max-width: 525px) 100vw, 525px\"><\/p>\n<p>Derri\u00e8re nous, notre belle vall\u00e9e avec \u00e0 gauche le coteau de St Martin, ou l&rsquo;adret, pente qui b\u00e9n\u00e9ficie d&rsquo;un plus longs ensoleillement). Tout au fond juste \u00e0 gauche de notre groupe, la Dent d&rsquo;H\u00e9rens et les Veisivi, puis Mandelon qui surplombe Euseigne et les pyramides. Et enfin, tout \u00e0 droite le coteau d&rsquo;H\u00e9r\u00e9mence ou l&rsquo;ubac, le pays des citoyens de l&rsquo;ombre \ud83d\ude09<\/p>\n<p>Un beau paysage alpin comme cadre pour de magnifiques randonn\u00e9es estivales.<\/p>\n<p><img decoding=\"async\" loading=\"lazy\" class=\"alignnone size-large wp-image-701\" src=\"https:\/\/news.alpinetrek.ch\/wp-content\/uploads\/2026\/04\/IMG_9067-1024x683.jpg\" alt=\"Le team Rando-H\u00e9rens \u00e0 l'entr\u00e9e de la vall\u00e9e\" width=\"525\" height=\"350\" srcset=\"https:\/\/news.alpinetrek.ch\/wp-content\/uploads\/2026\/04\/IMG_9067-1024x683.jpg 1024w, https:\/\/news.alpinetrek.ch\/wp-content\/uploads\/2026\/04\/IMG_9067-300x200.jpg 300w, https:\/\/news.alpinetrek.ch\/wp-content\/uploads\/2026\/04\/IMG_9067-768x512.jpg 768w, https:\/\/news.alpinetrek.ch\/wp-content\/uploads\/2026\/04\/IMG_9067-1536x1024.jpg 1536w, https:\/\/news.alpinetrek.ch\/wp-content\/uploads\/2026\/04\/IMG_9067-2048x1365.jpg 2048w\" sizes=\"(max-width: 525px) 100vw, 525px\"><\/p>\n","protected":false},"excerpt":{"rendered":"<p>C&rsquo;est avec plaisir qu&rsquo;avec mes coll\u00e8gues de la vall\u00e9e nous vous partageons nos dates de tours et randonn\u00e9es de l&rsquo;\u00e9t\u00e9 2026. Nous proposons entre autre des tours du val d&rsquo;H\u00e9rens, des cueillettes de plantes sauvages et aussi quelques activit\u00e9s nocturnes cet \u00e9t\u00e9. En fin d&rsquo;\u00e9t\u00e9 je propose aussi une haute route depuis la Valpeline. Toutes &hellip; <\/p>\n<p class=\"link-more\"><a href=\"https:\/\/news.alpinetrek.ch\/?p=702\" class=\"more-link\">Continuer la lecture<span class=\"screen-reader-text\"> de &laquo;&nbsp;Au programme cet \u00e9t\u00e9 dans la vall\u00e9e&nbsp;&raquo;<\/span><\/a><\/p>\n","protected":false},"author":1,"featured_media":0,"comment_status":"closed","ping_status":"closed","sticky":false,"template":"","format":"standard","meta":[],"categories":[1],"tags":[],"_links":{"self":[{"href":"https:\/\/news.alpinetrek.ch\/index.php?rest_route=\/wp\/v2\/posts\/702"}],"collection":[{"href":"https:\/\/news.alpinetrek.ch\/index.php?rest_route=\/wp\/v2\/posts"}],"about":[{"href":"https:\/\/news.alpinetrek.ch\/index.php?rest_route=\/wp\/v2\/types\/post"}],"author":[{"embeddable":true,"href":"https:\/\/news.alpinetrek.ch\/index.php?rest_route=\/wp\/v2\/users\/1"}],"replies":[{"embeddable":true,"href":"https:\/\/news.alpinetrek.ch\/index.php?rest_route=%2Fwp%2Fv2%2Fcomments&post=702"}],"version-history":[{"count":3,"href":"https:\/\/news.alpinetrek.ch\/index.php?rest_route=\/wp\/v2\/posts\/702\/revisions"}],"predecessor-version":[{"id":705,"href":"https:\/\/news.alpinetrek.ch\/index.php?rest_route=\/wp\/v2\/posts\/702\/revisions\/705"}],"wp:attachment":[{"href":"https:\/\/news.alpinetrek.ch\/index.php?rest_route=%2Fwp%2Fv2%2Fmedia&parent=702"}],"wp:term":[{"taxonomy":"category","embeddable":true,"href":"https:\/\/news.alpinetrek.ch\/index.php?rest_route=%2Fwp%2Fv2%2Fcategories&post=702"},{"taxonomy":"post_tag","embeddable":true,"href":"https:\/\/news.alpinetrek.ch\/index.php?rest_route=%2Fwp%2Fv2%2Ftags&post=702"}],"curies":[{"name":"wp","href":"https:\/\/api.w.org\/{rel}","templated":true}]}}